{"id":819,"date":"2020-08-21T11:23:04","date_gmt":"2020-08-21T09:23:04","guid":{"rendered":"http:\/\/www.per-turbas.fr\/?p=819"},"modified":"2020-12-20T10:33:28","modified_gmt":"2020-12-20T09:33:28","slug":"lacan-cc-2020","status":"publish","type":"post","link":"https:\/\/www.per-turbas.fr\/index.php\/2020\/08\/21\/lacan-cc-2020\/","title":{"rendered":"Lacan (cc 2020)"},"content":{"rendered":"\n<blockquote class=\"wp-block-quote has-text-align-center is-layout-flow wp-block-quote-is-layout-flow\"><p><em>Jacques Lacan :<\/em><br><strong>le d\u00e9sir ent\u00e9 sur le fantasme<\/strong><br><em>s\u00e9minaire VI sur le d\u00e9sir et son interpr\u00e9tation (1958-1959) <\/em><br><\/p><cite>cours confin\u00e9 (mars 2020)<\/cite><\/blockquote>\n\n\n\n<h5 class=\"wp-block-heading\">1. le d\u00e9sir au-del\u00e0 de la pulsion, du besoin et de la demande<\/h5>\n\n\n\n<figure class=\"wp-block-audio\"><audio controls src=\"https:\/\/www.per-turbas.fr\/wp-content\/uploads\/2020\/09\/Lacan-desir-1.wav\"><\/audio><figcaption>le d\u00e9sir au-del\u00e0 de la pulsion<\/figcaption><\/figure>\n\n\n\n<figure class=\"wp-block-audio\"><audio controls src=\"https:\/\/www.per-turbas.fr\/wp-content\/uploads\/2020\/09\/Lacan-desir-2.wav\"><\/audio><figcaption>le d\u00e9sir au-del\u00e0 du besoin et de la demande<\/figcaption><\/figure>\n\n\n\n<h5 class=\"wp-block-heading\">2. le d\u00e9sir au prisme du fantasme<\/h5>\n\n\n\n<figure class=\"wp-block-audio\"><audio controls src=\"https:\/\/www.per-turbas.fr\/wp-content\/uploads\/2020\/09\/Lacan-desir-3.wav\"><\/audio><figcaption>2.1 l&#8217;\u00eatre du sujet en question<\/figcaption><\/figure>\n\n\n\n<figure class=\"wp-block-audio\"><audio controls src=\"https:\/\/www.per-turbas.fr\/wp-content\/uploads\/2020\/09\/Lacan-desir-4.wav\"><\/audio><figcaption>2.2 l&#8217;objet fantasm\u00e9 du d\u00e9sir<\/figcaption><\/figure>\n\n\n\n<figure class=\"wp-block-audio\"><audio controls src=\"https:\/\/www.per-turbas.fr\/wp-content\/uploads\/2020\/09\/Lacan-desir-5.wav\"><\/audio><figcaption>2.2b l&#8217;objet a du d\u00e9sir<\/figcaption><\/figure>\n\n\n\n<h5 class=\"wp-block-heading\">3. Hamlet, un blocage pathologique du d\u00e9sir<\/h5>\n\n\n\n<figure class=\"wp-block-audio\"><audio controls src=\"https:\/\/www.per-turbas.fr\/wp-content\/uploads\/2020\/09\/Lacan-desir-6-Hamlet.wav\"><\/audio><figcaption><strong>Hamlet<\/strong>, une trag\u00e9die du d\u00e9sir<\/figcaption><\/figure>\n\n\n\n<figure class=\"wp-block-audio\"><audio controls src=\"https:\/\/www.per-turbas.fr\/wp-content\/uploads\/2020\/09\/Lacan-desir-7-Hamlet.wav\"><\/audio><figcaption>Oph\u00e9lie, objet impossible du d\u00e9sir de Hamlet<\/figcaption><\/figure>\n\n\n\n<figure class=\"wp-block-audio\"><audio controls src=\"https:\/\/www.per-turbas.fr\/wp-content\/uploads\/2020\/09\/Lacan-desir-8-conclusion.wav\"><\/audio><figcaption>confusion n\u00e9vrotique entre d\u00e9sir et demande<\/figcaption><\/figure>\n","protected":false},"excerpt":{"rendered":"<p>Jacques Lacan :le d\u00e9sir ent\u00e9 sur le fantasmes\u00e9minaire VI sur le d\u00e9sir et son interpr\u00e9tation (1958-1959) cours confin\u00e9 (mars 2020) 1. le d\u00e9sir au-del\u00e0 de la pulsion, du besoin et &hellip; <a href=\"https:\/\/www.per-turbas.fr\/index.php\/2020\/08\/21\/lacan-cc-2020\/\" class=\"more-link\">Continue reading<span class=\"screen-reader-text\"> &#8220;Lacan (cc 2020)&#8221;<\/span><\/a><\/p>\n","protected":false},"author":1,"featured_media":0,"comment_status":"closed","ping_status":"open","sticky":false,"template":"","format":"standard","meta":{"footnotes":""},"categories":[18],"tags":[23,27,28],"class_list":["post-819","post","type-post","status-publish","format-standard","hentry","category-cours-sur-le-desir","tag-desir","tag-fantasme","tag-interpretation"],"yoast_head":"<!-- This site is optimized with the Yoast SEO plugin v27.5 - https:\/\/yoast.com\/product\/yoast-seo-wordpress\/ -->\n<title>Lacan (cc 2020) - per turbas<\/title>\n<meta name=\"description\" content=\"philosophie politique soci\u00e9t\u00e9 inconscient d\u00e9sir psychanalyse Aristote Hobbes Locke Montesquieu Rousseau Kant Hegel Kierkegaard Lacan Aulagnier\" \/>\n<meta name=\"robots\" content=\"index, follow, max-snippet:-1, max-image-preview:large, max-video-preview:-1\" \/>\n<link rel=\"canonical\" href=\"https:\/\/www.per-turbas.fr\/index.php\/2020\/08\/21\/lacan-cc-2020\/\" \/>\n<meta property=\"og:locale\" content=\"en_US\" \/>\n<meta property=\"og:type\" content=\"article\" \/>\n<meta property=\"og:title\" content=\"Lacan (cc 2020) - per turbas\" \/>\n<meta property=\"og:description\" content=\"philosophie politique soci\u00e9t\u00e9 inconscient d\u00e9sir psychanalyse Aristote Hobbes Locke Montesquieu Rousseau Kant Hegel Kierkegaard Lacan Aulagnier\" \/>\n<meta property=\"og:url\" content=\"https:\/\/www.per-turbas.fr\/index.php\/2020\/08\/21\/lacan-cc-2020\/\" \/>\n<meta property=\"og:site_name\" content=\"per turbas\" \/>\n<meta property=\"article:published_time\" content=\"2020-08-21T09:23:04+00:00\" \/>\n<meta property=\"article:modified_time\" content=\"2020-12-20T09:33:28+00:00\" \/>\n<meta name=\"author\" content=\"CF-\u00e9dition\" \/>\n<meta name=\"twitter:card\" content=\"summary_large_image\" \/>\n<meta name=\"twitter:label1\" content=\"Written by\" \/>\n\t<meta name=\"twitter:data1\" content=\"CF-\u00e9dition\" \/>\n\t<meta name=\"twitter:label2\" content=\"Est. reading time\" \/>\n\t<meta name=\"twitter:data2\" content=\"1 minute\" \/>\n<script type=\"application\/ld+json\" class=\"yoast-schema-graph\">{\"@context\":\"https:\\\/\\\/schema.org\",\"@graph\":[{\"@type\":\"Article\",\"@id\":\"https:\\\/\\\/www.per-turbas.fr\\\/index.php\\\/2020\\\/08\\\/21\\\/lacan-cc-2020\\\/#article\",\"isPartOf\":{\"@id\":\"https:\\\/\\\/www.per-turbas.fr\\\/index.php\\\/2020\\\/08\\\/21\\\/lacan-cc-2020\\\/\"},\"author\":{\"name\":\"CF-\u00e9dition\",\"@id\":\"https:\\\/\\\/www.per-turbas.fr\\\/#\\\/schema\\\/person\\\/f9d39376436e76bb0cb2e044e2d2b73d\"},\"headline\":\"Lacan (cc 2020)\",\"datePublished\":\"2020-08-21T09:23:04+00:00\",\"dateModified\":\"2020-12-20T09:33:28+00:00\",\"mainEntityOfPage\":{\"@id\":\"https:\\\/\\\/www.per-turbas.fr\\\/index.php\\\/2020\\\/08\\\/21\\\/lacan-cc-2020\\\/\"},\"wordCount\":111,\"publisher\":{\"@id\":\"https:\\\/\\\/www.per-turbas.fr\\\/#\\\/schema\\\/person\\\/f9d39376436e76bb0cb2e044e2d2b73d\"},\"keywords\":[\"d\u00e9sir\",\"fantasme\",\"interpr\u00e9tation\"],\"articleSection\":[\"d\u00e9sir\"],\"inLanguage\":\"en-US\"},{\"@type\":\"WebPage\",\"@id\":\"https:\\\/\\\/www.per-turbas.fr\\\/index.php\\\/2020\\\/08\\\/21\\\/lacan-cc-2020\\\/\",\"url\":\"https:\\\/\\\/www.per-turbas.fr\\\/index.php\\\/2020\\\/08\\\/21\\\/lacan-cc-2020\\\/\",\"name\":\"Lacan (cc 2020) - per turbas\",\"isPartOf\":{\"@id\":\"https:\\\/\\\/www.per-turbas.fr\\\/#website\"},\"datePublished\":\"2020-08-21T09:23:04+00:00\",\"dateModified\":\"2020-12-20T09:33:28+00:00\",\"description\":\"philosophie politique soci\u00e9t\u00e9 inconscient d\u00e9sir psychanalyse Aristote Hobbes Locke Montesquieu Rousseau Kant Hegel Kierkegaard Lacan Aulagnier\",\"breadcrumb\":{\"@id\":\"https:\\\/\\\/www.per-turbas.fr\\\/index.php\\\/2020\\\/08\\\/21\\\/lacan-cc-2020\\\/#breadcrumb\"},\"inLanguage\":\"en-US\",\"potentialAction\":[{\"@type\":\"ReadAction\",\"target\":[\"https:\\\/\\\/www.per-turbas.fr\\\/index.php\\\/2020\\\/08\\\/21\\\/lacan-cc-2020\\\/\"]}]},{\"@type\":\"BreadcrumbList\",\"@id\":\"https:\\\/\\\/www.per-turbas.fr\\\/index.php\\\/2020\\\/08\\\/21\\\/lacan-cc-2020\\\/#breadcrumb\",\"itemListElement\":[{\"@type\":\"ListItem\",\"position\":1,\"name\":\"Accueil\",\"item\":\"https:\\\/\\\/www.per-turbas.fr\\\/\"},{\"@type\":\"ListItem\",\"position\":2,\"name\":\"Lacan (cc 2020)\"}]},{\"@type\":\"WebSite\",\"@id\":\"https:\\\/\\\/www.per-turbas.fr\\\/#website\",\"url\":\"https:\\\/\\\/www.per-turbas.fr\\\/\",\"name\":\"per turbas\",\"description\":\"le site philosophique de Christian Ferri\u00e9\",\"publisher\":{\"@id\":\"https:\\\/\\\/www.per-turbas.fr\\\/#\\\/schema\\\/person\\\/f9d39376436e76bb0cb2e044e2d2b73d\"},\"potentialAction\":[{\"@type\":\"SearchAction\",\"target\":{\"@type\":\"EntryPoint\",\"urlTemplate\":\"https:\\\/\\\/www.per-turbas.fr\\\/?s={search_term_string}\"},\"query-input\":{\"@type\":\"PropertyValueSpecification\",\"valueRequired\":true,\"valueName\":\"search_term_string\"}}],\"inLanguage\":\"en-US\"},{\"@type\":[\"Person\",\"Organization\"],\"@id\":\"https:\\\/\\\/www.per-turbas.fr\\\/#\\\/schema\\\/person\\\/f9d39376436e76bb0cb2e044e2d2b73d\",\"name\":\"CF-\u00e9dition\",\"image\":{\"@type\":\"ImageObject\",\"inLanguage\":\"en-US\",\"@id\":\"https:\\\/\\\/secure.gravatar.com\\\/avatar\\\/65f88c205a5c581bca7da880d8b1f9ca1f4b8c3d0229d2ed9b48acc1ee61ea6b?s=96&d=mm&r=g\",\"url\":\"https:\\\/\\\/secure.gravatar.com\\\/avatar\\\/65f88c205a5c581bca7da880d8b1f9ca1f4b8c3d0229d2ed9b48acc1ee61ea6b?s=96&d=mm&r=g\",\"contentUrl\":\"https:\\\/\\\/secure.gravatar.com\\\/avatar\\\/65f88c205a5c581bca7da880d8b1f9ca1f4b8c3d0229d2ed9b48acc1ee61ea6b?s=96&d=mm&r=g\",\"caption\":\"CF-\u00e9dition\"},\"logo\":{\"@id\":\"https:\\\/\\\/secure.gravatar.com\\\/avatar\\\/65f88c205a5c581bca7da880d8b1f9ca1f4b8c3d0229d2ed9b48acc1ee61ea6b?s=96&d=mm&r=g\"},\"url\":\"https:\\\/\\\/www.per-turbas.fr\\\/index.php\\\/author\\\/cf-editions\\\/\"}]}<\/script>\n<!-- \/ Yoast SEO plugin. -->","yoast_head_json":{"title":"Lacan (cc 2020) - per turbas","description":"philosophie politique soci\u00e9t\u00e9 inconscient d\u00e9sir psychanalyse Aristote Hobbes Locke Montesquieu Rousseau Kant Hegel Kierkegaard Lacan Aulagnier","robots":{"index":"index","follow":"follow","max-snippet":"max-snippet:-1","max-image-preview":"max-image-preview:large","max-video-preview":"max-video-preview:-1"},"canonical":"https:\/\/www.per-turbas.fr\/index.php\/2020\/08\/21\/lacan-cc-2020\/","og_locale":"en_US","og_type":"article","og_title":"Lacan (cc 2020) - per turbas","og_description":"philosophie politique soci\u00e9t\u00e9 inconscient d\u00e9sir psychanalyse Aristote Hobbes Locke Montesquieu Rousseau Kant Hegel Kierkegaard Lacan Aulagnier","og_url":"https:\/\/www.per-turbas.fr\/index.php\/2020\/08\/21\/lacan-cc-2020\/","og_site_name":"per turbas","article_published_time":"2020-08-21T09:23:04+00:00","article_modified_time":"2020-12-20T09:33:28+00:00","author":"CF-\u00e9dition","twitter_card":"summary_large_image","twitter_misc":{"Written by":"CF-\u00e9dition","Est. reading time":"1 minute"},"schema":{"@context":"https:\/\/schema.org","@graph":[{"@type":"Article","@id":"https:\/\/www.per-turbas.fr\/index.php\/2020\/08\/21\/lacan-cc-2020\/#article","isPartOf":{"@id":"https:\/\/www.per-turbas.fr\/index.php\/2020\/08\/21\/lacan-cc-2020\/"},"author":{"name":"CF-\u00e9dition","@id":"https:\/\/www.per-turbas.fr\/#\/schema\/person\/f9d39376436e76bb0cb2e044e2d2b73d"},"headline":"Lacan (cc 2020)","datePublished":"2020-08-21T09:23:04+00:00","dateModified":"2020-12-20T09:33:28+00:00","mainEntityOfPage":{"@id":"https:\/\/www.per-turbas.fr\/index.php\/2020\/08\/21\/lacan-cc-2020\/"},"wordCount":111,"publisher":{"@id":"https:\/\/www.per-turbas.fr\/#\/schema\/person\/f9d39376436e76bb0cb2e044e2d2b73d"},"keywords":["d\u00e9sir","fantasme","interpr\u00e9tation"],"articleSection":["d\u00e9sir"],"inLanguage":"en-US"},{"@type":"WebPage","@id":"https:\/\/www.per-turbas.fr\/index.php\/2020\/08\/21\/lacan-cc-2020\/","url":"https:\/\/www.per-turbas.fr\/index.php\/2020\/08\/21\/lacan-cc-2020\/","name":"Lacan (cc 2020) - per turbas","isPartOf":{"@id":"https:\/\/www.per-turbas.fr\/#website"},"datePublished":"2020-08-21T09:23:04+00:00","dateModified":"2020-12-20T09:33:28+00:00","description":"philosophie politique soci\u00e9t\u00e9 inconscient d\u00e9sir psychanalyse Aristote Hobbes Locke Montesquieu Rousseau Kant Hegel Kierkegaard Lacan Aulagnier","breadcrumb":{"@id":"https:\/\/www.per-turbas.fr\/index.php\/2020\/08\/21\/lacan-cc-2020\/#breadcrumb"},"inLanguage":"en-US","potentialAction":[{"@type":"ReadAction","target":["https:\/\/www.per-turbas.fr\/index.php\/2020\/08\/21\/lacan-cc-2020\/"]}]},{"@type":"BreadcrumbList","@id":"https:\/\/www.per-turbas.fr\/index.php\/2020\/08\/21\/lacan-cc-2020\/#breadcrumb","itemListElement":[{"@type":"ListItem","position":1,"name":"Accueil","item":"https:\/\/www.per-turbas.fr\/"},{"@type":"ListItem","position":2,"name":"Lacan (cc 2020)"}]},{"@type":"WebSite","@id":"https:\/\/www.per-turbas.fr\/#website","url":"https:\/\/www.per-turbas.fr\/","name":"per turbas","description":"le site philosophique de Christian Ferri\u00e9","publisher":{"@id":"https:\/\/www.per-turbas.fr\/#\/schema\/person\/f9d39376436e76bb0cb2e044e2d2b73d"},"potentialAction":[{"@type":"SearchAction","target":{"@type":"EntryPoint","urlTemplate":"https:\/\/www.per-turbas.fr\/?s={search_term_string}"},"query-input":{"@type":"PropertyValueSpecification","valueRequired":true,"valueName":"search_term_string"}}],"inLanguage":"en-US"},{"@type":["Person","Organization"],"@id":"https:\/\/www.per-turbas.fr\/#\/schema\/person\/f9d39376436e76bb0cb2e044e2d2b73d","name":"CF-\u00e9dition","image":{"@type":"ImageObject","inLanguage":"en-US","@id":"https:\/\/secure.gravatar.com\/avatar\/65f88c205a5c581bca7da880d8b1f9ca1f4b8c3d0229d2ed9b48acc1ee61ea6b?s=96&d=mm&r=g","url":"https:\/\/secure.gravatar.com\/avatar\/65f88c205a5c581bca7da880d8b1f9ca1f4b8c3d0229d2ed9b48acc1ee61ea6b?s=96&d=mm&r=g","contentUrl":"https:\/\/secure.gravatar.com\/avatar\/65f88c205a5c581bca7da880d8b1f9ca1f4b8c3d0229d2ed9b48acc1ee61ea6b?s=96&d=mm&r=g","caption":"CF-\u00e9dition"},"logo":{"@id":"https:\/\/secure.gravatar.com\/avatar\/65f88c205a5c581bca7da880d8b1f9ca1f4b8c3d0229d2ed9b48acc1ee61ea6b?s=96&d=mm&r=g"},"url":"https:\/\/www.per-turbas.fr\/index.php\/author\/cf-editions\/"}]}},"_links":{"self":[{"href":"https:\/\/www.per-turbas.fr\/index.php\/wp-json\/wp\/v2\/posts\/819","targetHints":{"allow":["GET"]}}],"collection":[{"href":"https:\/\/www.per-turbas.fr\/index.php\/wp-json\/wp\/v2\/posts"}],"about":[{"href":"https:\/\/www.per-turbas.fr\/index.php\/wp-json\/wp\/v2\/types\/post"}],"author":[{"embeddable":true,"href":"https:\/\/www.per-turbas.fr\/index.php\/wp-json\/wp\/v2\/users\/1"}],"replies":[{"embeddable":true,"href":"https:\/\/www.per-turbas.fr\/index.php\/wp-json\/wp\/v2\/comments?post=819"}],"version-history":[{"count":0,"href":"https:\/\/www.per-turbas.fr\/index.php\/wp-json\/wp\/v2\/posts\/819\/revisions"}],"wp:attachment":[{"href":"https:\/\/www.per-turbas.fr\/index.php\/wp-json\/wp\/v2\/media?parent=819"}],"wp:term":[{"taxonomy":"category","embeddable":true,"href":"https:\/\/www.per-turbas.fr\/index.php\/wp-json\/wp\/v2\/categories?post=819"},{"taxonomy":"post_tag","embeddable":true,"href":"https:\/\/www.per-turbas.fr\/index.php\/wp-json\/wp\/v2\/tags?post=819"}],"curies":[{"name":"wp","href":"https:\/\/api.w.org\/{rel}","templated":true}]}}